[{"@context":"https:\/\/schema.org\/","@type":"Article","@id":"https:\/\/www.bukaz.sk\/facebook-celi-sudu-v-rakusku\/#Article","mainEntityOfPage":"https:\/\/www.bukaz.sk\/facebook-celi-sudu-v-rakusku\/","headline":"Facebook \u010del\u00ed s\u00fadu v Rak\u00fasku","name":"Facebook \u010del\u00ed s\u00fadu v Rak\u00fasku","description":"Jeho \u00fasudok m\u00e1 d\u00f4sledky pre v\u0161etky podniky, ktor\u00e9 manipuluj\u00fa s osobn\u00fdmi inform\u00e1ciami spotrebite\u013eov v E\u00da. \u00a0 \u017daloba sa t\u00fdka tvrden\u00ed rak\u00faskeho rezidenta Maxa Schremsa, \u017ee [&hellip;]","datePublished":"2020-01-21","dateModified":"2024-02-20","author":{"@type":"Person","@id":"https:\/\/www.bukaz.sk\/author\/#Person","name":"","url":"https:\/\/www.bukaz.sk\/author\/","identifier":1,"image":{"@type":"ImageObject","@id":"https:\/\/secure.gravatar.com\/avatar\/0412c3dad30f33fa104fa4f87b3ce5af9aea5f3e20fa015d071a3573d325a5fc?s=96&d=mm&r=g","url":"https:\/\/secure.gravatar.com\/avatar\/0412c3dad30f33fa104fa4f87b3ce5af9aea5f3e20fa015d071a3573d325a5fc?s=96&d=mm&r=g","height":96,"width":96}},"publisher":{"@type":"Organization","name":"bukaz.sk","logo":{"@type":"ImageObject","@id":"\/logo.png","url":"\/logo.png","width":600,"height":60}},"image":{"@type":"ImageObject","@id":"https:\/\/www.bukaz.sk\/wp-content\/uploads\/img_a304044_w16540_t1564503105.jpg","url":"https:\/\/www.bukaz.sk\/wp-content\/uploads\/img_a304044_w16540_t1564503105.jpg","height":0,"width":0},"url":"https:\/\/www.bukaz.sk\/facebook-celi-sudu-v-rakusku\/","wordCount":399,"articleBody":"Jeho \u00fasudok m\u00e1 d\u00f4sledky pre v\u0161etky podniky, ktor\u00e9 manipuluj\u00fa s osobn\u00fdmi inform\u00e1ciami spotrebite\u013eov v E\u00da.\u00a0\u017daloba sa t\u00fdka tvrden\u00ed rak\u00faskeho rezidenta Maxa Schremsa, \u017ee Facebook poru\u0161il z\u00e1kony o ochrane osobn\u00fdch \u00fadajov v s\u00favislosti s jeho s\u00fakromn\u00fdm \u00fa\u010dtom, ako aj so siedmimi \u010fal\u0161\u00edmi pou\u017e\u00edvate\u013emi, ktor\u00ed mu pridelili svoje n\u00e1roky, \u010d\u00edm vytvorili druh triedy.\u00a0Facebook rob\u00ed svoje peniaze zacielen\u00edm reklamy na svojich pou\u017e\u00edvate\u013eov na z\u00e1klade ich veku, pohlavia, umiestnenia, z\u00e1ujmov a spr\u00e1vania. V tre\u0165om \u0161tvr\u0165roku 2017 dosiahol tr\u017eby vo v\u00fd\u0161ke viac ako 10 mili\u00e1rd USD, z \u010doho 88% tvorili mobiln\u00ed pou\u017e\u00edvatelia.\u00a0Spolo\u010dnos\u0165 argumentovala t\u00fdm, \u017ee rak\u00faske s\u00fady nemali pr\u00e1vomoc vo vz\u0165ahu k tvrdeniam spolo\u010dnosti Schrems, preto\u017ee konal ako profesion\u00e1l, nie ako spotrebite\u013e, ktor\u00fd pou\u017e\u00edva na propag\u00e1ciu svojej knihy a predn\u00e1\u0161ok o ochrane \u00fadajov. Pr\u00e1vo E\u00da umo\u017e\u0148uje spotrebite\u013eom, aby za ur\u010dit\u00fdch okolnost\u00ed vybrali f\u00f3rum pre s\u00fadne spory, napr\u00edklad aby \u017ealovali podniky vo svojej domovskej krajine namiesto toho, aby mala s\u00eddlo spolo\u010dnosti.\u00a0Spor o jurisdikciu i\u0161iel a\u017e k najvy\u0161\u0161iemu s\u00fadu Rak\u00faska, ktor\u00fd polo\u017eil ot\u00e1zku postavenia Schremsa ako spotrebite\u013ea na S\u00fadny dvor Eur\u00f3pskej \u00fanie.\u00a0Ak by S\u00fadny dvor E\u00da nasledoval argumenty spolo\u010dnosti, musel by dospie\u0165 k z\u00e1veru, \u017ee spolo\u010dnos\u0165 Schrems stratila pr\u00e1vo na spotrebite\u013esk\u00e9 f\u00f3rum a musela by \u017ealova\u0165 v \u00cdrsku, kde dc\u00e9rska spolo\u010dnos\u0165, prostredn\u00edctvom ktorej uzatv\u00e1ra zmluvy s u\u017e\u00edvate\u013emi E\u00da.\u00a0Vo \u0161tvrtok s\u00fad dospel k z\u00e1veru, \u017ee Schremsovo pou\u017e\u00edvanie jeho \u00fa\u010dtu na Facebooku je spotrebite\u013esk\u00e9, preto\u017ee na svoju profesion\u00e1lnu \u010dinnos\u0165 pou\u017e\u00edva samostatn\u00fa str\u00e1nku.\u00a0Odmietla v\u0161ak n\u00e1zor, \u017ee ostatn\u00ed by mohli ma\u0165 prospech zo svojho \u0161tat\u00fatu spotrebite\u013ea, aby sa pripojil k rak\u00faskemu s\u00fadnemu konaniu. Bud\u00fa musie\u0165 poda\u0165 svoje vlastn\u00e9 \u017ealoby, uzavrel.\u00a0To znamen\u00e1, \u017ee bude musie\u0165 \u010deli\u0165 Schremsov\u00fdm obvineniam z poru\u0161enia pravidiel na ochranu \u00fadajov na rak\u00faskych s\u00fadoch &#8211; ale on a 25 000 \u010fal\u0161\u00edch pou\u017e\u00edvate\u013eov z Rak\u00faska a in\u00fdch kraj\u00edn, ktor\u00ed mu pridelili svoje n\u00e1roky, nebud\u00fa m\u00f4c\u0165 spoji\u0165 svoje zdroje do \u00fatoku na soci\u00e1lne siete mon\u0161trum.\u00a0                                                                                                                                                                                                                                                                                                                                                                                        4.6\/5 - (7 votes)        "},{"@context":"https:\/\/schema.org\/","@type":"BreadcrumbList","itemListElement":[{"@type":"ListItem","position":1,"name":"Facebook \u010del\u00ed s\u00fadu v Rak\u00fasku","item":"https:\/\/www.bukaz.sk\/facebook-celi-sudu-v-rakusku\/#breadcrumbitem"}]}]